{"id":588,"date":"2020-05-01T16:16:53","date_gmt":"2020-05-01T14:16:53","guid":{"rendered":"https:\/\/www.enduro-balkan.com\/?p=588"},"modified":"2020-05-31T22:19:47","modified_gmt":"2020-05-31T20:19:47","slug":"ovcar-banja-jelica","status":"publish","type":"post","link":"https:\/\/www.enduro-balkan.com\/index.php\/2020\/05\/01\/ovcar-banja-jelica\/","title":{"rendered":"Ov\u010dar Banja &#8211; Jelica"},"content":{"rendered":"\n<p>Jelica je \u0161umovito brdo ju\u017eno od \u010ca\u010dka. \u010cim se skrene sa asfaltnog puta prema grebenu planine, odmah nai\u0111ete na uske staze, balvane preko \u0161umskih puteva i ponekad (u prole\u0107e), zakr\u010dene prolaze. Ipak Jelicu vredi obi\u0107i kako biste osetili i shvatili prostor koji je okru\u017euje. <\/p>\n\n\n\n<figure class=\"wp-block-image size-large\"><img decoding=\"async\" loading=\"lazy\" width=\"1024\" height=\"764\" src=\"https:\/\/www.enduro-balkan.com\/wp-content\/uploads\/2020\/05\/Ov\u010dar-Kablar-jelica-26-1024x764.jpg\" alt=\"\" class=\"wp-image-592\" srcset=\"https:\/\/www.enduro-balkan.com\/wp-content\/uploads\/2020\/05\/Ov\u010dar-Kablar-jelica-26-1024x764.jpg 1024w, https:\/\/www.enduro-balkan.com\/wp-content\/uploads\/2020\/05\/Ov\u010dar-Kablar-jelica-26-300x224.jpg 300w, https:\/\/www.enduro-balkan.com\/wp-content\/uploads\/2020\/05\/Ov\u010dar-Kablar-jelica-26-768x573.jpg 768w, https:\/\/www.enduro-balkan.com\/wp-content\/uploads\/2020\/05\/Ov\u010dar-Kablar-jelica-26-1536x1147.jpg 1536w, https:\/\/www.enduro-balkan.com\/wp-content\/uploads\/2020\/05\/Ov\u010dar-Kablar-jelica-26-2048x1529.jpg 2048w\" sizes=\"(max-width: 1024px) 100vw, 1024px\" \/><figcaption>Manastir Sretenje<\/figcaption><\/figure>\n\n\n\n<figure class=\"wp-block-image size-large\"><img decoding=\"async\" loading=\"lazy\" width=\"1024\" height=\"764\" src=\"https:\/\/www.enduro-balkan.com\/wp-content\/uploads\/2020\/05\/Ov\u010dar-Kablar-jelica-28-1024x764.jpg\" alt=\"\" class=\"wp-image-590\" srcset=\"https:\/\/www.enduro-balkan.com\/wp-content\/uploads\/2020\/05\/Ov\u010dar-Kablar-jelica-28-1024x764.jpg 1024w, https:\/\/www.enduro-balkan.com\/wp-content\/uploads\/2020\/05\/Ov\u010dar-Kablar-jelica-28-300x224.jpg 300w, https:\/\/www.enduro-balkan.com\/wp-content\/uploads\/2020\/05\/Ov\u010dar-Kablar-jelica-28-768x573.jpg 768w, https:\/\/www.enduro-balkan.com\/wp-content\/uploads\/2020\/05\/Ov\u010dar-Kablar-jelica-28-1536x1147.jpg 1536w, https:\/\/www.enduro-balkan.com\/wp-content\/uploads\/2020\/05\/Ov\u010dar-Kablar-jelica-28-2048x1529.jpg 2048w\" sizes=\"(max-width: 1024px) 100vw, 1024px\" \/><figcaption>Pogled prema Ov\u010darsko Kablarskoj klisuri<\/figcaption><\/figure>\n\n\n\n<figure class=\"wp-block-image size-large\"><img decoding=\"async\" loading=\"lazy\" width=\"764\" height=\"1024\" src=\"https:\/\/www.enduro-balkan.com\/wp-content\/uploads\/2020\/05\/Ov\u010dar-Kablar-jelica-32-764x1024.jpg\" alt=\"\" class=\"wp-image-591\" srcset=\"https:\/\/www.enduro-balkan.com\/wp-content\/uploads\/2020\/05\/Ov\u010dar-Kablar-jelica-32-764x1024.jpg 764w, https:\/\/www.enduro-balkan.com\/wp-content\/uploads\/2020\/05\/Ov\u010dar-Kablar-jelica-32-224x300.jpg 224w, https:\/\/www.enduro-balkan.com\/wp-content\/uploads\/2020\/05\/Ov\u010dar-Kablar-jelica-32-768x1029.jpg 768w, https:\/\/www.enduro-balkan.com\/wp-content\/uploads\/2020\/05\/Ov\u010dar-Kablar-jelica-32-1147x1536.jpg 1147w, https:\/\/www.enduro-balkan.com\/wp-content\/uploads\/2020\/05\/Ov\u010dar-Kablar-jelica-32-1529x2048.jpg 1529w, https:\/\/www.enduro-balkan.com\/wp-content\/uploads\/2020\/05\/Ov\u010dar-Kablar-jelica-32-scaled.jpg 1911w\" sizes=\"(max-width: 764px) 100vw, 764px\" \/><figcaption>Vrh Jelice<\/figcaption><\/figure>\n\n\n\n<p>Vi\u0161e o treku na:<a href=\"https:\/\/forum.bjbikers.com\/index.php?\/topic\/104261-srbija-bez-asfalta\/&amp;do=findComment&amp;comment=1740552\" target=\"_blank\" rel=\"noreferrer noopener\">https:\/\/forum.bjbikers.com\/index.php?\/topic\/104261-srbija-bez-asfalta\/&amp;do=findComment&amp;comment=1740552<\/a><\/p>\n","protected":false},"excerpt":{"rendered":"<p>Jelica je \u0161umovito brdo ju\u017eno od \u010ca\u010dka. \u010cim se skrene sa asfaltnog puta prema grebenu planine, odmah nai\u0111ete na uske staze, balvane preko \u0161umskih puteva i ponekad (u prole\u0107e), zakr\u010dene prolaze. Ipak Jelicu vredi obi\u0107i kako biste osetili i shvatili prostor koji je okru\u017euje. Vi\u0161e o treku na:https:\/\/forum.bjbikers.com\/index.php?\/topic\/104261-srbija-bez-asfalta\/&amp;do=findComment&amp;comment=1740552<\/p>\n","protected":false},"author":2,"featured_media":603,"comment_status":"open","ping_status":"open","sticky":false,"template":"","format":"standard","meta":[],"categories":[13,66,65,25,24,23,7,61],"tags":[],"_links":{"self":[{"href":"https:\/\/www.enduro-balkan.com\/index.php\/wp-json\/wp\/v2\/posts\/588"}],"collection":[{"href":"https:\/\/www.enduro-balkan.com\/index.php\/wp-json\/wp\/v2\/posts"}],"about":[{"href":"https:\/\/www.enduro-balkan.com\/index.php\/wp-json\/wp\/v2\/types\/post"}],"author":[{"embeddable":true,"href":"https:\/\/www.enduro-balkan.com\/index.php\/wp-json\/wp\/v2\/users\/2"}],"replies":[{"embeddable":true,"href":"https:\/\/www.enduro-balkan.com\/index.php\/wp-json\/wp\/v2\/comments?post=588"}],"version-history":[{"count":1,"href":"https:\/\/www.enduro-balkan.com\/index.php\/wp-json\/wp\/v2\/posts\/588\/revisions"}],"predecessor-version":[{"id":594,"href":"https:\/\/www.enduro-balkan.com\/index.php\/wp-json\/wp\/v2\/posts\/588\/revisions\/594"}],"wp:featuredmedia":[{"embeddable":true,"href":"https:\/\/www.enduro-balkan.com\/index.php\/wp-json\/wp\/v2\/media\/603"}],"wp:attachment":[{"href":"https:\/\/www.enduro-balkan.com\/index.php\/wp-json\/wp\/v2\/media?parent=588"}],"wp:term":[{"taxonomy":"category","embeddable":true,"href":"https:\/\/www.enduro-balkan.com\/index.php\/wp-json\/wp\/v2\/categories?post=588"},{"taxonomy":"post_tag","embeddable":true,"href":"https:\/\/www.enduro-balkan.com\/index.php\/wp-json\/wp\/v2\/tags?post=588"}],"curies":[{"name":"wp","href":"https:\/\/api.w.org\/{rel}","templated":true}]}}