{"id":477,"date":"2020-04-29T21:41:37","date_gmt":"2020-04-29T19:41:37","guid":{"rendered":"https:\/\/www.enduro-balkan.com\/?p=477"},"modified":"2020-05-31T22:21:38","modified_gmt":"2020-05-31T20:21:38","slug":"golija-jankov-kamen-man-pridvorica-bzovik","status":"publish","type":"post","link":"https:\/\/www.enduro-balkan.com\/index.php\/2020\/04\/29\/golija-jankov-kamen-man-pridvorica-bzovik\/","title":{"rendered":"Golija \/ Jankov kamen-Man Pridvorica-Bzovik"},"content":{"rendered":"\n<p>Golija je verovatno jedna od zadnjih slika Srbije, onakva kakva je u davnim vremenima bila. \u0160umovita, puna raznog \u017eivotinjskog sveta i slabo nastanjena. Zato je svim silama treba \u010duvati od najve\u0107e \u0161teto\u010dine savremenog doba. \u010coveka.<\/p>\n\n\n\n<figure class=\"wp-block-image size-large\"><img decoding=\"async\" loading=\"lazy\" width=\"1024\" height=\"768\" src=\"https:\/\/www.enduro-balkan.com\/wp-content\/uploads\/2020\/04\/Golija-dan-1-6-1024x768.jpg\" alt=\"\" class=\"wp-image-478\" srcset=\"https:\/\/www.enduro-balkan.com\/wp-content\/uploads\/2020\/04\/Golija-dan-1-6-1024x768.jpg 1024w, https:\/\/www.enduro-balkan.com\/wp-content\/uploads\/2020\/04\/Golija-dan-1-6-300x225.jpg 300w, https:\/\/www.enduro-balkan.com\/wp-content\/uploads\/2020\/04\/Golija-dan-1-6-768x576.jpg 768w, https:\/\/www.enduro-balkan.com\/wp-content\/uploads\/2020\/04\/Golija-dan-1-6-1536x1152.jpg 1536w, https:\/\/www.enduro-balkan.com\/wp-content\/uploads\/2020\/04\/Golija-dan-1-6-2048x1536.jpg 2048w\" sizes=\"(max-width: 1024px) 100vw, 1024px\" \/><figcaption>Pogled prema Kosovu.<\/figcaption><\/figure>\n\n\n\n<figure class=\"wp-block-image size-large\"><img decoding=\"async\" loading=\"lazy\" width=\"1024\" height=\"768\" src=\"https:\/\/www.enduro-balkan.com\/wp-content\/uploads\/2020\/04\/Golija-dan-1-7-1024x768.jpg\" alt=\"\" class=\"wp-image-479\" srcset=\"https:\/\/www.enduro-balkan.com\/wp-content\/uploads\/2020\/04\/Golija-dan-1-7-1024x768.jpg 1024w, https:\/\/www.enduro-balkan.com\/wp-content\/uploads\/2020\/04\/Golija-dan-1-7-300x225.jpg 300w, https:\/\/www.enduro-balkan.com\/wp-content\/uploads\/2020\/04\/Golija-dan-1-7-768x576.jpg 768w, https:\/\/www.enduro-balkan.com\/wp-content\/uploads\/2020\/04\/Golija-dan-1-7-1536x1152.jpg 1536w, https:\/\/www.enduro-balkan.com\/wp-content\/uploads\/2020\/04\/Golija-dan-1-7-2048x1536.jpg 2048w\" sizes=\"(max-width: 1024px) 100vw, 1024px\" \/><figcaption>Prema Pe\u0161teru..<\/figcaption><\/figure>\n\n\n\n<figure class=\"wp-block-image size-large\"><img decoding=\"async\" loading=\"lazy\" width=\"768\" height=\"1024\" src=\"https:\/\/www.enduro-balkan.com\/wp-content\/uploads\/2020\/04\/Golija-dan-1-11-768x1024.jpg\" alt=\"\" class=\"wp-image-480\" srcset=\"https:\/\/www.enduro-balkan.com\/wp-content\/uploads\/2020\/04\/Golija-dan-1-11-768x1024.jpg 768w, https:\/\/www.enduro-balkan.com\/wp-content\/uploads\/2020\/04\/Golija-dan-1-11-225x300.jpg 225w, https:\/\/www.enduro-balkan.com\/wp-content\/uploads\/2020\/04\/Golija-dan-1-11-1152x1536.jpg 1152w, https:\/\/www.enduro-balkan.com\/wp-content\/uploads\/2020\/04\/Golija-dan-1-11-1536x2048.jpg 1536w, https:\/\/www.enduro-balkan.com\/wp-content\/uploads\/2020\/04\/Golija-dan-1-11-scaled.jpg 1920w\" sizes=\"(max-width: 768px) 100vw, 768px\" \/><figcaption>Stvoreno za enduro.<\/figcaption><\/figure>\n\n\n\n<div class=\"wp-block-file\"><a href=\"https:\/\/www.enduro-balkan.com\/wp-content\/uploads\/2020\/04\/Hotel-radocelo.kml\">I trek za povratak: Hotel-radocelo<\/a><a href=\"https:\/\/www.enduro-balkan.com\/wp-content\/uploads\/2020\/04\/Hotel-radocelo.kml\" class=\"wp-block-file__button\" download>\u041f\u0440\u0435\u0443\u0437\u043c\u0438<\/a><\/div>\n\n\n\n<p>Vi\u0161e o treku na: <a href=\"https:\/\/forum.bjbikers.com\/index.php?\/topic\/104261-srbija-bez-asfalta\/&amp;do=findComment&amp;comment=1689106\" target=\"_blank\" rel=\"noreferrer noopener\">https:\/\/forum.bjbikers.com\/index.php?\/topic\/104261-srbija-bez-asfalta\/&amp;do=findComment&amp;comment=1689106<\/a><\/p>\n","protected":false},"excerpt":{"rendered":"<p>Golija je verovatno jedna od zadnjih slika Srbije, onakva kakva je u davnim vremenima bila. \u0160umovita, puna raznog \u017eivotinjskog sveta i slabo nastanjena. Zato je svim silama treba \u010duvati od najve\u0107e \u0161teto\u010dine savremenog doba. \u010coveka. Vi\u0161e o treku na: https:\/\/forum.bjbikers.com\/index.php?\/topic\/104261-srbija-bez-asfalta\/&amp;do=findComment&amp;comment=1689106<\/p>\n","protected":false},"author":2,"featured_media":482,"comment_status":"open","ping_status":"open","sticky":false,"template":"","format":"standard","meta":[],"categories":[66,36,5,7,67,27],"tags":[],"_links":{"self":[{"href":"https:\/\/www.enduro-balkan.com\/index.php\/wp-json\/wp\/v2\/posts\/477"}],"collection":[{"href":"https:\/\/www.enduro-balkan.com\/index.php\/wp-json\/wp\/v2\/posts"}],"about":[{"href":"https:\/\/www.enduro-balkan.com\/index.php\/wp-json\/wp\/v2\/types\/post"}],"author":[{"embeddable":true,"href":"https:\/\/www.enduro-balkan.com\/index.php\/wp-json\/wp\/v2\/users\/2"}],"replies":[{"embeddable":true,"href":"https:\/\/www.enduro-balkan.com\/index.php\/wp-json\/wp\/v2\/comments?post=477"}],"version-history":[{"count":2,"href":"https:\/\/www.enduro-balkan.com\/index.php\/wp-json\/wp\/v2\/posts\/477\/revisions"}],"predecessor-version":[{"id":485,"href":"https:\/\/www.enduro-balkan.com\/index.php\/wp-json\/wp\/v2\/posts\/477\/revisions\/485"}],"wp:featuredmedia":[{"embeddable":true,"href":"https:\/\/www.enduro-balkan.com\/index.php\/wp-json\/wp\/v2\/media\/482"}],"wp:attachment":[{"href":"https:\/\/www.enduro-balkan.com\/index.php\/wp-json\/wp\/v2\/media?parent=477"}],"wp:term":[{"taxonomy":"category","embeddable":true,"href":"https:\/\/www.enduro-balkan.com\/index.php\/wp-json\/wp\/v2\/categories?post=477"},{"taxonomy":"post_tag","embeddable":true,"href":"https:\/\/www.enduro-balkan.com\/index.php\/wp-json\/wp\/v2\/tags?post=477"}],"curies":[{"name":"wp","href":"https:\/\/api.w.org\/{rel}","templated":true}]}}