{"id":2004,"date":"2025-01-28T17:14:43","date_gmt":"2025-01-28T16:14:43","guid":{"rendered":"https:\/\/www.enduro-balkan.com\/?p=2004"},"modified":"2025-01-28T17:14:44","modified_gmt":"2025-01-28T16:14:44","slug":"crna-gora-podgorica-zijevo-komovi-prokletije-grbaja","status":"publish","type":"post","link":"https:\/\/www.enduro-balkan.com\/index.php\/2025\/01\/28\/crna-gora-podgorica-zijevo-komovi-prokletije-grbaja\/","title":{"rendered":"Crna Gora \/ Podgorica-\u017dijevo-Komovi-Prokletije (Grbaja)"},"content":{"rendered":"\n<figure class=\"wp-block-image size-large is-style-default\"><img decoding=\"async\" src=\"https:\/\/i.postimg.cc\/CLgQMWT0\/IMG-20240908-090349-063758.jpg\" alt=\"\" \/><figcaption class=\"wp-element-caption\">Put od Korita prema masivu \u017dijeva.<\/figcaption><\/figure>\n\n\n\n<figure class=\"wp-block-image size-large is-style-default\"><img decoding=\"async\" src=\"https:\/\/i.postimg.cc\/CMD2gw2J\/IMG-20240908-092115-062356.jpg\" alt=\"\" \/><figcaption class=\"wp-element-caption\">Tu ulazite u \u010daroliju koja traje sve do Prokletija. <\/figcaption><\/figure>\n\n\n\n<figure class=\"wp-block-image size-large is-style-default\"><img decoding=\"async\" src=\"https:\/\/i.postimg.cc\/RZPsRh3C\/IMG-20240908-093407-063640.jpg\" alt=\"\" \/><figcaption class=\"wp-element-caption\">Prevoj prema Rikava\u010dkom jezeru. <\/figcaption><\/figure>\n\n\n\n<figure class=\"wp-block-image size-large is-style-default\"><img decoding=\"async\" src=\"https:\/\/i.postimg.cc\/C18cS4cd\/IMG-20240908-100345-055531.jpg\" alt=\"\" \/><figcaption class=\"wp-element-caption\">Tu malo odmori\u0161, slu\u0161a\u0161 ti\u0161inu, gleda\u0161 modro zelenu vodu..<\/figcaption><\/figure>\n\n\n\n<figure class=\"wp-block-image size-large is-style-default\"><img decoding=\"async\" src=\"https:\/\/i.postimg.cc\/mkG8DFnj\/IMG-20240908-102108-055352.jpg\" alt=\"\" \/><figcaption class=\"wp-element-caption\">I nastavi\u0161 prema prevoju koji odvaja ka masivu Komova. Taj deo stariji ljudi zovu i &#8222;Katuni Ljakovi\u0107a&#8220;. <\/figcaption><\/figure>\n\n\n\n<figure class=\"wp-block-image size-large is-style-default\"><img decoding=\"async\" src=\"https:\/\/i.postimg.cc\/zvSpRGZr\/IMG-20240908-102120-055434.jpg\" alt=\"\" \/><\/figure>\n\n\n\n<figure class=\"wp-block-image size-large is-style-default\"><img decoding=\"async\" src=\"https:\/\/i.postimg.cc\/KYkNDNSQ\/IMG-20240908-102542-054154.jpg\" alt=\"\" \/><figcaption class=\"wp-element-caption\">Jo\u0161 uvek sam na \u017dijevu. Komovi se nadziru na horizontu. <\/figcaption><\/figure>\n\n\n\n<figure class=\"wp-block-image size-large is-style-default\"><img decoding=\"async\" src=\"https:\/\/i.postimg.cc\/W30wQ14k\/IMG-20240908-103022-053823.jpg\" alt=\"\" \/><\/figure>\n\n\n\n<figure class=\"wp-block-image size-large is-style-default\"><img decoding=\"async\" src=\"https:\/\/i.postimg.cc\/Bbgcn7HZ\/IMG-20240908-110202-053741.jpg\" alt=\"\" \/><figcaption class=\"wp-element-caption\">Raskrsnica puteva. Levo prema Kola\u0161inu, desno prema Komovima. Idem desno. <\/figcaption><\/figure>\n\n\n\n<figure class=\"wp-block-image size-large is-style-default\"><img decoding=\"async\" src=\"https:\/\/i.postimg.cc\/bvtxtwkB\/IMG-20240908-111416-051947.jpg\" alt=\"\" \/><figcaption class=\"wp-element-caption\">Jo\u0161 jedno magi\u010dno mesto. Kom Ku\u010dki i Vasojevi\u0107ki u pozadini. <\/figcaption><\/figure>\n\n\n\n<figure class=\"wp-block-image size-large is-style-default\"><img decoding=\"async\" src=\"https:\/\/i.postimg.cc\/vZj7TVgn\/IMG-20240908-111445-051912.jpg\" alt=\"\" \/><figcaption class=\"wp-element-caption\">&#8222;Ovaj hram podi\u017ee njegovo viso\u010danstvo knjaz Nikola Prvi Petrovi\u0107 za pokoj du\u0161e svoga oca vojvode Mirka Petrovi\u0107a Njego\u0161a, hrabrom plemenu Ku\u010da 1900. godine&#8220;, pi\u0161e nad ulazom crkve<\/figcaption><\/figure>\n\n\n\n<figure class=\"wp-block-image size-large is-style-default\"><img decoding=\"async\" src=\"https:\/\/i.postimg.cc\/PrVYVwM7\/IMG-20240908-111759-051529.jpg\" alt=\"\" \/><figcaption class=\"wp-element-caption\">Odmorim u hladu. Ti\u0161ina, samo poneki zrikavac se \u010duje. <\/figcaption><\/figure>\n\n\n\n<figure class=\"wp-block-image size-large is-style-default\"><img decoding=\"async\" src=\"https:\/\/i.postimg.cc\/y6PF953s\/IMG-20240908-111630-051603.jpg\" alt=\"\" \/><figcaption class=\"wp-element-caption\">Prekrstim se za pokoj du\u0161i prijateljima koji vi\u0161e nisu sa nama, ostavim neki dinar .. i idem dalje. <\/figcaption><\/figure>\n\n\n\n<figure class=\"wp-block-image size-large is-style-default\"><img decoding=\"async\" src=\"https:\/\/i.postimg.cc\/htJxktyt\/IMG-20240908-131059-051428.jpg\" alt=\"\" \/><figcaption class=\"wp-element-caption\">Komovi sa severne strane, prilaz sa &#8222;\u0160tavne&#8220;. <\/figcaption><\/figure>\n\n\n\n<figure class=\"wp-block-image size-large is-style-default\"><img decoding=\"async\" src=\"https:\/\/i.postimg.cc\/mZ8HhHKr\/IMG-20240908-132030-051306.jpg\" alt=\"\" \/><figcaption class=\"wp-element-caption\">Obo\u017eam da se izle\u017eavam na ovakvim mestima. Puni me mirom i spokojem. Ali dan te\u010de, vreme je za pokret. <\/figcaption><\/figure>\n\n\n\n<figure class=\"wp-block-image size-large is-style-default\"><img decoding=\"async\" src=\"https:\/\/i.postimg.cc\/hPYQ1qDW\/IMG-20240908-141133-045916.jpg\" alt=\"\" \/><figcaption class=\"wp-element-caption\">Spu\u0161tam se lepim poljskim putem prema Andrijevici..<\/figcaption><\/figure>\n\n\n\n<figure class=\"wp-block-image size-large is-style-default\"><img decoding=\"async\" src=\"https:\/\/i.postimg.cc\/RCHZj1x8\/IMG-20240825-174938.jpg\" alt=\"\" \/><figcaption class=\"wp-element-caption\">I tog popodneva sam opet u dolini Grbaje u Prokletijama. Poznata, nasmejana lica, lokalno pivo, topla voda i \u010dista posteljina. \u0160ta \u010doveku vi\u0161e treba?<\/figcaption><\/figure>\n","protected":false},"excerpt":{"rendered":"","protected":false},"author":2,"featured_media":2011,"comment_status":"open","ping_status":"open","sticky":false,"template":"","format":"standard","meta":[],"categories":[91,66,61],"tags":[],"_links":{"self":[{"href":"https:\/\/www.enduro-balkan.com\/index.php\/wp-json\/wp\/v2\/posts\/2004"}],"collection":[{"href":"https:\/\/www.enduro-balkan.com\/index.php\/wp-json\/wp\/v2\/posts"}],"about":[{"href":"https:\/\/www.enduro-balkan.com\/index.php\/wp-json\/wp\/v2\/types\/post"}],"author":[{"embeddable":true,"href":"https:\/\/www.enduro-balkan.com\/index.php\/wp-json\/wp\/v2\/users\/2"}],"replies":[{"embeddable":true,"href":"https:\/\/www.enduro-balkan.com\/index.php\/wp-json\/wp\/v2\/comments?post=2004"}],"version-history":[{"count":3,"href":"https:\/\/www.enduro-balkan.com\/index.php\/wp-json\/wp\/v2\/posts\/2004\/revisions"}],"predecessor-version":[{"id":2008,"href":"https:\/\/www.enduro-balkan.com\/index.php\/wp-json\/wp\/v2\/posts\/2004\/revisions\/2008"}],"wp:featuredmedia":[{"embeddable":true,"href":"https:\/\/www.enduro-balkan.com\/index.php\/wp-json\/wp\/v2\/media\/2011"}],"wp:attachment":[{"href":"https:\/\/www.enduro-balkan.com\/index.php\/wp-json\/wp\/v2\/media?parent=2004"}],"wp:term":[{"taxonomy":"category","embeddable":true,"href":"https:\/\/www.enduro-balkan.com\/index.php\/wp-json\/wp\/v2\/categories?post=2004"},{"taxonomy":"post_tag","embeddable":true,"href":"https:\/\/www.enduro-balkan.com\/index.php\/wp-json\/wp\/v2\/tags?post=2004"}],"curies":[{"name":"wp","href":"https:\/\/api.w.org\/{rel}","templated":true}]}}